{"id":203,"date":"2011-11-25T11:26:25","date_gmt":"2011-11-25T10:26:25","guid":{"rendered":"http:\/\/www.familie-schuchardt.de\/blog\/?p=203"},"modified":"2011-11-25T11:26:25","modified_gmt":"2011-11-25T10:26:25","slug":"viele-kurven-und-der-regen-hat-ein-ende","status":"publish","type":"post","link":"https:\/\/www.familie-schuchardt.de\/blog\/2011\/11\/25\/viele-kurven-und-der-regen-hat-ein-ende\/","title":{"rendered":"Viele Kurven und der Regen hat ein Ende"},"content":{"rendered":"<p>25.11.2011: Nachdem wir uns den Wetterbericht f\u00fcr die kommenden Tage in der Touristen-Information angeschaut hatten und daraus zu erkennen war, dass das Wetter anscheinend auf der ganzen S\u00fcdinsel wieder besser bis hervorragend wird, haben wir kurzerhand entschieden gen Norden zu fahren. Wir wollten unbedingt mal zwei Tage etwas mehr Ruhe und genug Zeit f\u00fcr Wanderungen haben und hierf\u00fcr hat sich der Abel Tasman National Park quasi aufgedr\u00e4ngt. Dass der Weg dorthin aber fast vom Anfang zum Ende eine einzige Pass-Stra\u00dfe ist, hat uns keiner gesagt. Auf den Stra\u00dfenkarten sind das immer alles sch\u00f6ne \u201aHighways\u2018 (wobei diese Stra\u00dfen nicht im Geringsten so zu befahren sind wir unsere Autobahnen!). Die ganzen Pass-artigen Kurven lassen die Neuseel\u00e4nder auf ihren Karten gerne einfach mal weg\u2026 Da dachten wir, aus den Bergen raus zu sein, aber die Stra\u00dfen sagten etwas anderes.<\/p>\n<p>Aber egal,\u00a0 wir sind trotzdem gut in einem kleinen \u00d6rtchen (dessen Name uns nicht mehr einfallen will) zwischen Collingwood und Takaka ganz im Norden angekommen, wo wir unser Lager f\u00fcr die Nacht bezogen haben. Ein wundersch\u00f6ner Campingplatz direkt am Strand. Und wir standen fast alleine in einem Eckchen 5 Meter vom Strand entfernt mit direktem Blick unter einer Palme durch auf das Meer. Mu\u00df ich noch mehr dazu sagen?<\/p>\n<p>Am n\u00e4chsten Tag haben wir dann eine sch\u00f6ne kleine Wanderung zu den Pupu Springs gemacht. An dieser Quelle entspringen pro Sekunde umgerechnet 40 Badewannen voll Wasser. So ein klares Wasser k\u00f6nnt Ihr Euch gar nicht vorstellen! Und der kleine Rundwanderweg vorbei an diesen Quellen und dem dazugeh\u00f6rigen Fl\u00fcsschen war einfach total sch\u00f6n angelegt. Danach haben wir eine andere Wanderung gemacht, den sogenannten Waterrace Walkway. Dabei ging es immer schon entlang am Wasser durch fast Dschungel-artig wirkenden Wald \u2013 total sch\u00f6n!<\/p>\n<p>Aber das eigentlich Highlight unseres Aufenthaltes hier in der Abel Tasman Park Gegend war die heutige Kayak-Tour. Morgens gegen 9 Uhr ging es los. Zu acht sind wir mit unserem Guide Tom (nein, nicht der Tom von zu Hause, auch die Kiwis hei\u00dfen manchmal Tom!). Gestartet sind wir auf einem Flu\u00df und sind von dort raus aufs Meer gepaddelt. Immer entlang an der K\u00fcste ging es von der einen wundersch\u00f6nen Bucht in die n\u00e4chste, in kleine H\u00f6hlen rein und vorbei an Kormoran Brutpl\u00e4tzen und das alles bei tollem Wetter. SUPER-DUPER-MEGA-SPEKTAKUL\u00c4R! An der sog. Watering Cove sind wir dann an einem tollen kleinen Strand \u2013 leider gef\u00fchlt viel zu schnell, obwohl es fast 3 Stunden auf dem Wasser waren &#8211; wieder an Land gegangen und wurden nach einem kleinen Mittagessen mit dem \u201aWater Taxi\u2018 \u2013 einem kleinen Schnellboot \u2013 ein ganzes St\u00fcck weiter die K\u00fcste rauf gebracht in die Bark Bay. Von da aus sind wir dann rund 2 Stunden lang \u00fcber den Abel Tasman Coast Track zur\u00fcck in die Torrent Bay gewandert durch irre tollen Wald: Farne, Palmen und alles andere m\u00f6gliche Gew\u00e4chs, was wir in Deutschland noch nie gesehen haben. Und durch die B\u00e4ume immer wieder der Blick runter aufs t\u00fcrkisfarbene Meer \u2013 IRRE!<\/p>\n<p>Leider war auch die Wanderung viel zu schnell vorbei und wir wurden mit dem Water Taxi wieder zur\u00fcck zum Ausgangspunkt nach Marahau gebracht. Was f\u00fcr eine tolle Tour!<\/p>\n<p>Tja, und nun sind wir inzwischen in Nelson angekommen und stehen auf einem Campingplatz direkt in der Einflugschneise des \u00f6rtlichne Flughafens. Was f\u00fcr ein Kontrastprogramm! Morgen geht es weiter nach Picton, womit wir dann auch leider schon die letzte Station unserer Reise \u00fcber die S\u00fcdinsel erreicht haben werden. Ach ja, unsere eigentlich f\u00fcr morgen fr\u00fch geplante F\u00e4hr\u00fcberfahr auf die Nordinsel haben wir um einen Tag nach hinten verschoben, weil wir uns einfach noch nicht vom S\u00fcden trennen wollten\u2026<\/p>\n<p>Bis bald \u2013 Eure M\u00e4hlina<\/p>\n","protected":false},"excerpt":{"rendered":"<p>25.11.2011: Nachdem wir uns den Wetterbericht f\u00fcr die kommenden Tage in der Touristen-Information angeschaut hatten und daraus zu erkennen war, dass das Wetter anscheinend auf der ganzen S\u00fcdinsel wieder besser bis hervorragend wird, haben wir kurzerhand entschieden gen Norden zu &hellip; <a href=\"https:\/\/www.familie-schuchardt.de\/blog\/2011\/11\/25\/viele-kurven-und-der-regen-hat-ein-ende\/\">Weiterlesen <span class=\"meta-nav\">&rarr;<\/span><\/a><\/p>\n","protected":false},"author":4,"featured_media":204,"comment_status":"open","ping_status":"open","sticky":false,"template":"","format":"gallery","meta":{"jetpack_post_was_ever_published":false,"_jetpack_newsletter_access":"","_jetpack_dont_email_post_to_subs":false,"_jetpack_newsletter_tier_id":0,"_jetpack_memberships_contains_paywalled_content":false,"_jetpack_memberships_contains_paid_content":false,"footnotes":"","jetpack_publicize_message":"","jetpack_publicize_feature_enabled":true,"jetpack_social_post_already_shared":false,"jetpack_social_options":{"image_generator_settings":{"template":"highway","enabled":false},"version":2}},"categories":[4],"tags":[],"class_list":["post-203","post","type-post","status-publish","format-gallery","has-post-thumbnail","hentry","category-neuseeland-2011","post_format-post-format-gallery"],"jetpack_publicize_connections":[],"yoast_head":"<!-- This site is optimized with the Yoast SEO plugin v24.9 - https:\/\/yoast.com\/wordpress\/plugins\/seo\/ -->\n<title>Viele Kurven und der Regen hat ein Ende - M\u00e4hlina auf Reisen!<\/title>\n<meta name=\"robots\" content=\"index, follow, max-snippet:-1, max-image-preview:large, max-video-preview:-1\" \/>\n<link rel=\"canonical\" href=\"https:\/\/www.familie-schuchardt.de\/blog\/2011\/11\/25\/viele-kurven-und-der-regen-hat-ein-ende\/\" \/>\n<meta property=\"og:locale\" content=\"de_DE\" \/>\n<meta property=\"og:type\" content=\"article\" \/>\n<meta property=\"og:title\" content=\"Viele Kurven und der Regen hat ein Ende - M\u00e4hlina auf Reisen!\" \/>\n<meta property=\"og:description\" content=\"25.11.2011: Nachdem wir uns den Wetterbericht f\u00fcr die kommenden Tage in der Touristen-Information angeschaut hatten und daraus zu erkennen war, dass das Wetter anscheinend auf der ganzen S\u00fcdinsel wieder besser bis hervorragend wird, haben wir kurzerhand entschieden gen Norden zu &hellip; Weiterlesen &rarr;\" \/>\n<meta property=\"og:url\" content=\"https:\/\/www.familie-schuchardt.de\/blog\/2011\/11\/25\/viele-kurven-und-der-regen-hat-ein-ende\/\" \/>\n<meta property=\"og:site_name\" content=\"M\u00e4hlina auf Reisen!\" \/>\n<meta property=\"article:published_time\" content=\"2011-11-25T10:26:25+00:00\" \/>\n<meta property=\"og:image\" content=\"https:\/\/i0.wp.com\/www.familie-schuchardt.de\/blog\/wp-content\/uploads\/2011\/11\/PupuSprings.jpg?fit=1200%2C800&ssl=1\" \/>\n\t<meta property=\"og:image:width\" content=\"1200\" \/>\n\t<meta property=\"og:image:height\" content=\"800\" \/>\n\t<meta property=\"og:image:type\" content=\"image\/jpeg\" \/>\n<meta name=\"author\" content=\"M\u00e4hlina\" \/>\n<meta name=\"twitter:card\" content=\"summary_large_image\" \/>\n<meta name=\"twitter:label1\" content=\"Verfasst von\" \/>\n\t<meta name=\"twitter:data1\" content=\"M\u00e4hlina\" \/>\n\t<meta name=\"twitter:label2\" content=\"Gesch\u00e4tzte Lesezeit\" \/>\n\t<meta name=\"twitter:data2\" content=\"3\u00a0Minuten\" \/>\n<script type=\"application\/ld+json\" class=\"yoast-schema-graph\">{\"@context\":\"https:\/\/schema.org\",\"@graph\":[{\"@type\":\"WebPage\",\"@id\":\"https:\/\/www.familie-schuchardt.de\/blog\/2011\/11\/25\/viele-kurven-und-der-regen-hat-ein-ende\/\",\"url\":\"https:\/\/www.familie-schuchardt.de\/blog\/2011\/11\/25\/viele-kurven-und-der-regen-hat-ein-ende\/\",\"name\":\"Viele Kurven und der Regen hat ein Ende - M\u00e4hlina auf Reisen!\",\"isPartOf\":{\"@id\":\"https:\/\/www.familie-schuchardt.de\/blog\/#website\"},\"primaryImageOfPage\":{\"@id\":\"https:\/\/www.familie-schuchardt.de\/blog\/2011\/11\/25\/viele-kurven-und-der-regen-hat-ein-ende\/#primaryimage\"},\"image\":{\"@id\":\"https:\/\/www.familie-schuchardt.de\/blog\/2011\/11\/25\/viele-kurven-und-der-regen-hat-ein-ende\/#primaryimage\"},\"thumbnailUrl\":\"https:\/\/i0.wp.com\/www.familie-schuchardt.de\/blog\/wp-content\/uploads\/2011\/11\/PupuSprings.jpg?fit=1200%2C800&ssl=1\",\"datePublished\":\"2011-11-25T10:26:25+00:00\",\"author\":{\"@id\":\"https:\/\/www.familie-schuchardt.de\/blog\/#\/schema\/person\/ddbe98d14dff5843edfeb762037c601a\"},\"breadcrumb\":{\"@id\":\"https:\/\/www.familie-schuchardt.de\/blog\/2011\/11\/25\/viele-kurven-und-der-regen-hat-ein-ende\/#breadcrumb\"},\"inLanguage\":\"de\",\"potentialAction\":[{\"@type\":\"ReadAction\",\"target\":[\"https:\/\/www.familie-schuchardt.de\/blog\/2011\/11\/25\/viele-kurven-und-der-regen-hat-ein-ende\/\"]}]},{\"@type\":\"ImageObject\",\"inLanguage\":\"de\",\"@id\":\"https:\/\/www.familie-schuchardt.de\/blog\/2011\/11\/25\/viele-kurven-und-der-regen-hat-ein-ende\/#primaryimage\",\"url\":\"https:\/\/i0.wp.com\/www.familie-schuchardt.de\/blog\/wp-content\/uploads\/2011\/11\/PupuSprings.jpg?fit=1200%2C800&ssl=1\",\"contentUrl\":\"https:\/\/i0.wp.com\/www.familie-schuchardt.de\/blog\/wp-content\/uploads\/2011\/11\/PupuSprings.jpg?fit=1200%2C800&ssl=1\",\"width\":\"1200\",\"height\":\"800\"},{\"@type\":\"BreadcrumbList\",\"@id\":\"https:\/\/www.familie-schuchardt.de\/blog\/2011\/11\/25\/viele-kurven-und-der-regen-hat-ein-ende\/#breadcrumb\",\"itemListElement\":[{\"@type\":\"ListItem\",\"position\":1,\"name\":\"Startseite\",\"item\":\"https:\/\/www.familie-schuchardt.de\/blog\/\"},{\"@type\":\"ListItem\",\"position\":2,\"name\":\"Viele Kurven und der Regen hat ein Ende\"}]},{\"@type\":\"WebSite\",\"@id\":\"https:\/\/www.familie-schuchardt.de\/blog\/#website\",\"url\":\"https:\/\/www.familie-schuchardt.de\/blog\/\",\"name\":\"M\u00e4hlina auf Reisen!\",\"description\":\"Reiseberichte, Bilder und Erlebnisse des reiselustigen Schafs, M\u00e4hlina.\",\"potentialAction\":[{\"@type\":\"SearchAction\",\"target\":{\"@type\":\"EntryPoint\",\"urlTemplate\":\"https:\/\/www.familie-schuchardt.de\/blog\/?s={search_term_string}\"},\"query-input\":{\"@type\":\"PropertyValueSpecification\",\"valueRequired\":true,\"valueName\":\"search_term_string\"}}],\"inLanguage\":\"de\"},{\"@type\":\"Person\",\"@id\":\"https:\/\/www.familie-schuchardt.de\/blog\/#\/schema\/person\/ddbe98d14dff5843edfeb762037c601a\",\"name\":\"M\u00e4hlina\",\"image\":{\"@type\":\"ImageObject\",\"inLanguage\":\"de\",\"@id\":\"https:\/\/www.familie-schuchardt.de\/blog\/#\/schema\/person\/image\/\",\"url\":\"https:\/\/secure.gravatar.com\/avatar\/9fdcea3a0d7328bded0009e11ce070cbfea7135c72468cc7b3c992221c7e18a6?s=96&d=mm&r=g\",\"contentUrl\":\"https:\/\/secure.gravatar.com\/avatar\/9fdcea3a0d7328bded0009e11ce070cbfea7135c72468cc7b3c992221c7e18a6?s=96&d=mm&r=g\",\"caption\":\"M\u00e4hlina\"},\"sameAs\":[\"http:\/\/www.Familie-Schuchardt.de\"],\"url\":\"https:\/\/www.familie-schuchardt.de\/blog\/author\/maehlina\/\"}]}<\/script>\n<!-- \/ Yoast SEO plugin. -->","yoast_head_json":{"title":"Viele Kurven und der Regen hat ein Ende - M\u00e4hlina auf Reisen!","robots":{"index":"index","follow":"follow","max-snippet":"max-snippet:-1","max-image-preview":"max-image-preview:large","max-video-preview":"max-video-preview:-1"},"canonical":"https:\/\/www.familie-schuchardt.de\/blog\/2011\/11\/25\/viele-kurven-und-der-regen-hat-ein-ende\/","og_locale":"de_DE","og_type":"article","og_title":"Viele Kurven und der Regen hat ein Ende - M\u00e4hlina auf Reisen!","og_description":"25.11.2011: Nachdem wir uns den Wetterbericht f\u00fcr die kommenden Tage in der Touristen-Information angeschaut hatten und daraus zu erkennen war, dass das Wetter anscheinend auf der ganzen S\u00fcdinsel wieder besser bis hervorragend wird, haben wir kurzerhand entschieden gen Norden zu &hellip; Weiterlesen &rarr;","og_url":"https:\/\/www.familie-schuchardt.de\/blog\/2011\/11\/25\/viele-kurven-und-der-regen-hat-ein-ende\/","og_site_name":"M\u00e4hlina auf Reisen!","article_published_time":"2011-11-25T10:26:25+00:00","og_image":[{"width":1200,"height":800,"url":"https:\/\/i0.wp.com\/www.familie-schuchardt.de\/blog\/wp-content\/uploads\/2011\/11\/PupuSprings.jpg?fit=1200%2C800&ssl=1","type":"image\/jpeg"}],"author":"M\u00e4hlina","twitter_card":"summary_large_image","twitter_misc":{"Verfasst von":"M\u00e4hlina","Gesch\u00e4tzte Lesezeit":"3\u00a0Minuten"},"schema":{"@context":"https:\/\/schema.org","@graph":[{"@type":"WebPage","@id":"https:\/\/www.familie-schuchardt.de\/blog\/2011\/11\/25\/viele-kurven-und-der-regen-hat-ein-ende\/","url":"https:\/\/www.familie-schuchardt.de\/blog\/2011\/11\/25\/viele-kurven-und-der-regen-hat-ein-ende\/","name":"Viele Kurven und der Regen hat ein Ende - M\u00e4hlina auf Reisen!","isPartOf":{"@id":"https:\/\/www.familie-schuchardt.de\/blog\/#website"},"primaryImageOfPage":{"@id":"https:\/\/www.familie-schuchardt.de\/blog\/2011\/11\/25\/viele-kurven-und-der-regen-hat-ein-ende\/#primaryimage"},"image":{"@id":"https:\/\/www.familie-schuchardt.de\/blog\/2011\/11\/25\/viele-kurven-und-der-regen-hat-ein-ende\/#primaryimage"},"thumbnailUrl":"https:\/\/i0.wp.com\/www.familie-schuchardt.de\/blog\/wp-content\/uploads\/2011\/11\/PupuSprings.jpg?fit=1200%2C800&ssl=1","datePublished":"2011-11-25T10:26:25+00:00","author":{"@id":"https:\/\/www.familie-schuchardt.de\/blog\/#\/schema\/person\/ddbe98d14dff5843edfeb762037c601a"},"breadcrumb":{"@id":"https:\/\/www.familie-schuchardt.de\/blog\/2011\/11\/25\/viele-kurven-und-der-regen-hat-ein-ende\/#breadcrumb"},"inLanguage":"de","potentialAction":[{"@type":"ReadAction","target":["https:\/\/www.familie-schuchardt.de\/blog\/2011\/11\/25\/viele-kurven-und-der-regen-hat-ein-ende\/"]}]},{"@type":"ImageObject","inLanguage":"de","@id":"https:\/\/www.familie-schuchardt.de\/blog\/2011\/11\/25\/viele-kurven-und-der-regen-hat-ein-ende\/#primaryimage","url":"https:\/\/i0.wp.com\/www.familie-schuchardt.de\/blog\/wp-content\/uploads\/2011\/11\/PupuSprings.jpg?fit=1200%2C800&ssl=1","contentUrl":"https:\/\/i0.wp.com\/www.familie-schuchardt.de\/blog\/wp-content\/uploads\/2011\/11\/PupuSprings.jpg?fit=1200%2C800&ssl=1","width":"1200","height":"800"},{"@type":"BreadcrumbList","@id":"https:\/\/www.familie-schuchardt.de\/blog\/2011\/11\/25\/viele-kurven-und-der-regen-hat-ein-ende\/#breadcrumb","itemListElement":[{"@type":"ListItem","position":1,"name":"Startseite","item":"https:\/\/www.familie-schuchardt.de\/blog\/"},{"@type":"ListItem","position":2,"name":"Viele Kurven und der Regen hat ein Ende"}]},{"@type":"WebSite","@id":"https:\/\/www.familie-schuchardt.de\/blog\/#website","url":"https:\/\/www.familie-schuchardt.de\/blog\/","name":"M\u00e4hlina auf Reisen!","description":"Reiseberichte, Bilder und Erlebnisse des reiselustigen Schafs, M\u00e4hlina.","potentialAction":[{"@type":"SearchAction","target":{"@type":"EntryPoint","urlTemplate":"https:\/\/www.familie-schuchardt.de\/blog\/?s={search_term_string}"},"query-input":{"@type":"PropertyValueSpecification","valueRequired":true,"valueName":"search_term_string"}}],"inLanguage":"de"},{"@type":"Person","@id":"https:\/\/www.familie-schuchardt.de\/blog\/#\/schema\/person\/ddbe98d14dff5843edfeb762037c601a","name":"M\u00e4hlina","image":{"@type":"ImageObject","inLanguage":"de","@id":"https:\/\/www.familie-schuchardt.de\/blog\/#\/schema\/person\/image\/","url":"https:\/\/secure.gravatar.com\/avatar\/9fdcea3a0d7328bded0009e11ce070cbfea7135c72468cc7b3c992221c7e18a6?s=96&d=mm&r=g","contentUrl":"https:\/\/secure.gravatar.com\/avatar\/9fdcea3a0d7328bded0009e11ce070cbfea7135c72468cc7b3c992221c7e18a6?s=96&d=mm&r=g","caption":"M\u00e4hlina"},"sameAs":["http:\/\/www.Familie-Schuchardt.de"],"url":"https:\/\/www.familie-schuchardt.de\/blog\/author\/maehlina\/"}]}},"jetpack_featured_media_url":"https:\/\/i0.wp.com\/www.familie-schuchardt.de\/blog\/wp-content\/uploads\/2011\/11\/PupuSprings.jpg?fit=1200%2C800&ssl=1","jetpack_sharing_enabled":true,"jetpack_shortlink":"https:\/\/wp.me\/p6s6FG-3h","_links":{"self":[{"href":"https:\/\/www.familie-schuchardt.de\/blog\/wp-json\/wp\/v2\/posts\/203","targetHints":{"allow":["GET"]}}],"collection":[{"href":"https:\/\/www.familie-schuchardt.de\/blog\/wp-json\/wp\/v2\/posts"}],"about":[{"href":"https:\/\/www.familie-schuchardt.de\/blog\/wp-json\/wp\/v2\/types\/post"}],"author":[{"embeddable":true,"href":"https:\/\/www.familie-schuchardt.de\/blog\/wp-json\/wp\/v2\/users\/4"}],"replies":[{"embeddable":true,"href":"https:\/\/www.familie-schuchardt.de\/blog\/wp-json\/wp\/v2\/comments?post=203"}],"version-history":[{"count":2,"href":"https:\/\/www.familie-schuchardt.de\/blog\/wp-json\/wp\/v2\/posts\/203\/revisions"}],"predecessor-version":[{"id":206,"href":"https:\/\/www.familie-schuchardt.de\/blog\/wp-json\/wp\/v2\/posts\/203\/revisions\/206"}],"wp:featuredmedia":[{"embeddable":true,"href":"https:\/\/www.familie-schuchardt.de\/blog\/wp-json\/wp\/v2\/media\/204"}],"wp:attachment":[{"href":"https:\/\/www.familie-schuchardt.de\/blog\/wp-json\/wp\/v2\/media?parent=203"}],"wp:term":[{"taxonomy":"category","embeddable":true,"href":"https:\/\/www.familie-schuchardt.de\/blog\/wp-json\/wp\/v2\/categories?post=203"},{"taxonomy":"post_tag","embeddable":true,"href":"https:\/\/www.familie-schuchardt.de\/blog\/wp-json\/wp\/v2\/tags?post=203"}],"curies":[{"name":"wp","href":"https:\/\/api.w.org\/{rel}","templated":true}]}}