{"id":1517,"date":"2018-09-06T17:17:49","date_gmt":"2018-09-06T16:17:49","guid":{"rendered":"http:\/\/www.familie-schuchardt.de\/blog\/?p=1517"},"modified":"2018-09-06T17:17:49","modified_gmt":"2018-09-06T16:17:49","slug":"zum-kaffee-nach-laukvik","status":"publish","type":"post","link":"https:\/\/www.familie-schuchardt.de\/blog\/2018\/09\/06\/zum-kaffee-nach-laukvik\/","title":{"rendered":"Zum Kaffee nach Laukvik"},"content":{"rendered":"<p>Hallo Ihr Lieben,<\/p>\n<p>laut Wetterbericht sollte es heute den ganzen Tag \u00fcber bew\u00f6lkt sein, aber das hatte wohl niemand dem Wetter gesagt. Denn es war wieder ein herrlicher Sonnentag mit nur vereinzelten dickeren Wolken.<\/p>\n<p>Heute sind wir nach Norden gefahren, um uns den oberen Teil der Lofoten an der Grenze zu den Vester\u00e5len (einer anderen norwegischen Inselgruppe) anzuschauen. Als wir kurz hinter Svolvaer schon den tausendsten Foto-Stopp auf der Strecke gemacht hatten und Patrick und Kirstin wie irre fotografiert haben, dachte ich schon, dass wir heute nirgendwo mehr ankommen. Aber es gibt auch einfach derma\u00dfen viel Aussicht hier. Also wer ohne Panorama-Foto-Funktion auf dem Handy (oder der Kamera) hier anrei\u00dft, ist komplett aufgeschmissen!<\/p>\n<p>Wie die \u00d6rtchen hier alle hei\u00dfen, kann ich oft gar nicht sagen. Ich wei\u00df noch nicht mal, ob das hier alles \u00fcberhaupt einen Namen hat. Denn von \u201eOrtschaft\u201c im deutschen Sinn w\u00fcrde ich hier in 90% der F\u00e4lle gar nicht sprechen. Hier gilt wahrscheinlich schon als Ortschaft, wenn zwei Ger\u00e4teschuppen im Abstand von 2 km zueinander stehen.<\/p>\n<h6>Einfach treiben lassen auf der E10<\/h6>\n<p>Wir haben uns heute ganz gem\u00fctlich treiben lassen und sind einfach der E10 \u2013 DER Hauptstra\u00dfe quer \u00fcber die ganzen Lofoten \u2013 gen Norden gefolgt. Hier l\u00e4sst es sich wirklich gut fahren: Die Stra\u00dfe ist gut ausgebaut, es gibt kaum Verkehr, daf\u00fcr aber seeeeehr viel Gegend zum Schauen und Staunen. Und gef\u00fchlt alle 100 Meter ist am Stra\u00dfenrand eine Ausweichbucht, die zwar eigentlich zum Vorbeilassen von z.B. LKW gedacht ist, aber man kann sie dank des nicht vorhandenen Verkehrs auch super als Parkplatz f\u00fcr Foto-Sessions nutzen.<\/p>\n<h6>Echter Lofoten-Kaffee in Laukvik<\/h6>\n<p>Bei einem kleinen Abstecher runter von der E10 sind wir zuf\u00e4llig auf das Mini-\u00d6rtchen Laukvik gesto\u00dfen. Dort gibt es eigentlich nichts au\u00dfer f\u00fcnf Wohnh\u00e4usern und einem kleinen Hafen mit Stockfisch-Trocken-Gestellen (und massig Bergpanorama). Umso erfreuter waren wir, als wir dort vollkommen unerwartet auf eine klitzekleine Kaffeer\u00f6sterei mit einem schnuckeligen Caf\u00e9 gesto\u00dfen sind. Der Au\u00dfenbereich des Caf\u00e9s lag direkt am Hafen kuschelig in der Sonne, der Kaffee war total lecker und das Panorama mal wieder der Kracher. Kirstin, unser Kaffee-Nerd, hat direkt Kaffeebohnen eingekauft f\u00fcr den Genie\u00dferkaffee zu Hause und der Inhaber des Ladens hat sich wie Bolle gefreut, dass seine Bohnen jetzt nach Deutschland exportiert werden.<\/p>\n<p>Was f\u00fcr ein entspannter Tag! F\u00fcr morgen haben wir uns ein etwas anstrengenderes Programm vorgenommen. Wir wollen im S\u00fcden der Lofoten rauf auf den Reinebringen wandern, um von dort oben DAS Postkartenmotiv der Lofoten vor die Linse zu kriegen. Ich werde berichten, ob meine beiden Sherpas den Aufstieg auch brav gemeistert haben.<\/p>\n<p>Liebe Gr\u00fc\u00dfe,<\/p>\n<p>Eure M\u00e4hlina<\/p>\n","protected":false},"excerpt":{"rendered":"<p>Hallo Ihr Lieben, laut Wetterbericht sollte es heute den ganzen Tag \u00fcber bew\u00f6lkt sein, aber das hatte wohl niemand dem Wetter gesagt. Denn es war wieder ein herrlicher Sonnentag mit nur vereinzelten dickeren Wolken. Heute sind wir nach Norden gefahren, &hellip; <a href=\"https:\/\/www.familie-schuchardt.de\/blog\/2018\/09\/06\/zum-kaffee-nach-laukvik\/\">Weiterlesen <span class=\"meta-nav\">&rarr;<\/span><\/a><\/p>\n","protected":false},"author":4,"featured_media":1521,"comment_status":"open","ping_status":"open","sticky":false,"template":"","format":"gallery","meta":{"jetpack_post_was_ever_published":false,"_jetpack_newsletter_access":"","_jetpack_dont_email_post_to_subs":false,"_jetpack_newsletter_tier_id":0,"_jetpack_memberships_contains_paywalled_content":false,"_jetpack_memberships_contains_paid_content":false,"footnotes":"","jetpack_publicize_message":"","jetpack_publicize_feature_enabled":true,"jetpack_social_post_already_shared":true,"jetpack_social_options":{"image_generator_settings":{"template":"highway","enabled":false},"version":2}},"categories":[152],"tags":[161,160,159],"class_list":["post-1517","post","type-post","status-publish","format-gallery","has-post-thumbnail","hentry","category-lofoten-2018","tag-e10","tag-kaffee","tag-laukvik","post_format-post-format-gallery"],"jetpack_publicize_connections":[],"yoast_head":"<!-- This site is optimized with the Yoast SEO plugin v24.9 - https:\/\/yoast.com\/wordpress\/plugins\/seo\/ -->\n<title>Zum Kaffee nach Laukvik - M\u00e4hlina auf Reisen!<\/title>\n<meta name=\"robots\" content=\"index, follow, max-snippet:-1, max-image-preview:large, max-video-preview:-1\" \/>\n<link rel=\"canonical\" href=\"https:\/\/www.familie-schuchardt.de\/blog\/2018\/09\/06\/zum-kaffee-nach-laukvik\/\" \/>\n<meta property=\"og:locale\" content=\"de_DE\" \/>\n<meta property=\"og:type\" content=\"article\" \/>\n<meta property=\"og:title\" content=\"Zum Kaffee nach Laukvik - M\u00e4hlina auf Reisen!\" \/>\n<meta property=\"og:description\" content=\"Hallo Ihr Lieben, laut Wetterbericht sollte es heute den ganzen Tag \u00fcber bew\u00f6lkt sein, aber das hatte wohl niemand dem Wetter gesagt. Denn es war wieder ein herrlicher Sonnentag mit nur vereinzelten dickeren Wolken. Heute sind wir nach Norden gefahren, &hellip; Weiterlesen &rarr;\" \/>\n<meta property=\"og:url\" content=\"https:\/\/www.familie-schuchardt.de\/blog\/2018\/09\/06\/zum-kaffee-nach-laukvik\/\" \/>\n<meta property=\"og:site_name\" content=\"M\u00e4hlina auf Reisen!\" \/>\n<meta property=\"article:published_time\" content=\"2018-09-06T16:17:49+00:00\" \/>\n<meta property=\"og:image\" content=\"https:\/\/i0.wp.com\/www.familie-schuchardt.de\/blog\/wp-content\/uploads\/2018\/09\/Laukvika.jpg?fit=1024%2C768&ssl=1\" \/>\n\t<meta property=\"og:image:width\" content=\"1024\" \/>\n\t<meta property=\"og:image:height\" content=\"768\" \/>\n\t<meta property=\"og:image:type\" content=\"image\/jpeg\" \/>\n<meta name=\"author\" content=\"M\u00e4hlina\" \/>\n<meta name=\"twitter:card\" content=\"summary_large_image\" \/>\n<meta name=\"twitter:label1\" content=\"Verfasst von\" \/>\n\t<meta name=\"twitter:data1\" content=\"M\u00e4hlina\" \/>\n\t<meta name=\"twitter:label2\" content=\"Gesch\u00e4tzte Lesezeit\" \/>\n\t<meta name=\"twitter:data2\" content=\"2\u00a0Minuten\" \/>\n<script type=\"application\/ld+json\" class=\"yoast-schema-graph\">{\"@context\":\"https:\/\/schema.org\",\"@graph\":[{\"@type\":\"WebPage\",\"@id\":\"https:\/\/www.familie-schuchardt.de\/blog\/2018\/09\/06\/zum-kaffee-nach-laukvik\/\",\"url\":\"https:\/\/www.familie-schuchardt.de\/blog\/2018\/09\/06\/zum-kaffee-nach-laukvik\/\",\"name\":\"Zum Kaffee nach Laukvik - M\u00e4hlina auf Reisen!\",\"isPartOf\":{\"@id\":\"https:\/\/www.familie-schuchardt.de\/blog\/#website\"},\"primaryImageOfPage\":{\"@id\":\"https:\/\/www.familie-schuchardt.de\/blog\/2018\/09\/06\/zum-kaffee-nach-laukvik\/#primaryimage\"},\"image\":{\"@id\":\"https:\/\/www.familie-schuchardt.de\/blog\/2018\/09\/06\/zum-kaffee-nach-laukvik\/#primaryimage\"},\"thumbnailUrl\":\"https:\/\/i0.wp.com\/www.familie-schuchardt.de\/blog\/wp-content\/uploads\/2018\/09\/Laukvika.jpg?fit=1024%2C768&ssl=1\",\"datePublished\":\"2018-09-06T16:17:49+00:00\",\"author\":{\"@id\":\"https:\/\/www.familie-schuchardt.de\/blog\/#\/schema\/person\/ddbe98d14dff5843edfeb762037c601a\"},\"breadcrumb\":{\"@id\":\"https:\/\/www.familie-schuchardt.de\/blog\/2018\/09\/06\/zum-kaffee-nach-laukvik\/#breadcrumb\"},\"inLanguage\":\"de\",\"potentialAction\":[{\"@type\":\"ReadAction\",\"target\":[\"https:\/\/www.familie-schuchardt.de\/blog\/2018\/09\/06\/zum-kaffee-nach-laukvik\/\"]}]},{\"@type\":\"ImageObject\",\"inLanguage\":\"de\",\"@id\":\"https:\/\/www.familie-schuchardt.de\/blog\/2018\/09\/06\/zum-kaffee-nach-laukvik\/#primaryimage\",\"url\":\"https:\/\/i0.wp.com\/www.familie-schuchardt.de\/blog\/wp-content\/uploads\/2018\/09\/Laukvika.jpg?fit=1024%2C768&ssl=1\",\"contentUrl\":\"https:\/\/i0.wp.com\/www.familie-schuchardt.de\/blog\/wp-content\/uploads\/2018\/09\/Laukvika.jpg?fit=1024%2C768&ssl=1\",\"width\":1024,\"height\":768,\"caption\":\"Laukvik in voller Breite\"},{\"@type\":\"BreadcrumbList\",\"@id\":\"https:\/\/www.familie-schuchardt.de\/blog\/2018\/09\/06\/zum-kaffee-nach-laukvik\/#breadcrumb\",\"itemListElement\":[{\"@type\":\"ListItem\",\"position\":1,\"name\":\"Startseite\",\"item\":\"https:\/\/www.familie-schuchardt.de\/blog\/\"},{\"@type\":\"ListItem\",\"position\":2,\"name\":\"Zum Kaffee nach Laukvik\"}]},{\"@type\":\"WebSite\",\"@id\":\"https:\/\/www.familie-schuchardt.de\/blog\/#website\",\"url\":\"https:\/\/www.familie-schuchardt.de\/blog\/\",\"name\":\"M\u00e4hlina auf Reisen!\",\"description\":\"Reiseberichte, Bilder und Erlebnisse des reiselustigen Schafs, M\u00e4hlina.\",\"potentialAction\":[{\"@type\":\"SearchAction\",\"target\":{\"@type\":\"EntryPoint\",\"urlTemplate\":\"https:\/\/www.familie-schuchardt.de\/blog\/?s={search_term_string}\"},\"query-input\":{\"@type\":\"PropertyValueSpecification\",\"valueRequired\":true,\"valueName\":\"search_term_string\"}}],\"inLanguage\":\"de\"},{\"@type\":\"Person\",\"@id\":\"https:\/\/www.familie-schuchardt.de\/blog\/#\/schema\/person\/ddbe98d14dff5843edfeb762037c601a\",\"name\":\"M\u00e4hlina\",\"image\":{\"@type\":\"ImageObject\",\"inLanguage\":\"de\",\"@id\":\"https:\/\/www.familie-schuchardt.de\/blog\/#\/schema\/person\/image\/\",\"url\":\"https:\/\/secure.gravatar.com\/avatar\/9fdcea3a0d7328bded0009e11ce070cbfea7135c72468cc7b3c992221c7e18a6?s=96&d=mm&r=g\",\"contentUrl\":\"https:\/\/secure.gravatar.com\/avatar\/9fdcea3a0d7328bded0009e11ce070cbfea7135c72468cc7b3c992221c7e18a6?s=96&d=mm&r=g\",\"caption\":\"M\u00e4hlina\"},\"sameAs\":[\"http:\/\/www.Familie-Schuchardt.de\"],\"url\":\"https:\/\/www.familie-schuchardt.de\/blog\/author\/maehlina\/\"}]}<\/script>\n<!-- \/ Yoast SEO plugin. -->","yoast_head_json":{"title":"Zum Kaffee nach Laukvik - M\u00e4hlina auf Reisen!","robots":{"index":"index","follow":"follow","max-snippet":"max-snippet:-1","max-image-preview":"max-image-preview:large","max-video-preview":"max-video-preview:-1"},"canonical":"https:\/\/www.familie-schuchardt.de\/blog\/2018\/09\/06\/zum-kaffee-nach-laukvik\/","og_locale":"de_DE","og_type":"article","og_title":"Zum Kaffee nach Laukvik - M\u00e4hlina auf Reisen!","og_description":"Hallo Ihr Lieben, laut Wetterbericht sollte es heute den ganzen Tag \u00fcber bew\u00f6lkt sein, aber das hatte wohl niemand dem Wetter gesagt. Denn es war wieder ein herrlicher Sonnentag mit nur vereinzelten dickeren Wolken. Heute sind wir nach Norden gefahren, &hellip; Weiterlesen &rarr;","og_url":"https:\/\/www.familie-schuchardt.de\/blog\/2018\/09\/06\/zum-kaffee-nach-laukvik\/","og_site_name":"M\u00e4hlina auf Reisen!","article_published_time":"2018-09-06T16:17:49+00:00","og_image":[{"width":1024,"height":768,"url":"https:\/\/i0.wp.com\/www.familie-schuchardt.de\/blog\/wp-content\/uploads\/2018\/09\/Laukvika.jpg?fit=1024%2C768&ssl=1","type":"image\/jpeg"}],"author":"M\u00e4hlina","twitter_card":"summary_large_image","twitter_misc":{"Verfasst von":"M\u00e4hlina","Gesch\u00e4tzte Lesezeit":"2\u00a0Minuten"},"schema":{"@context":"https:\/\/schema.org","@graph":[{"@type":"WebPage","@id":"https:\/\/www.familie-schuchardt.de\/blog\/2018\/09\/06\/zum-kaffee-nach-laukvik\/","url":"https:\/\/www.familie-schuchardt.de\/blog\/2018\/09\/06\/zum-kaffee-nach-laukvik\/","name":"Zum Kaffee nach Laukvik - M\u00e4hlina auf Reisen!","isPartOf":{"@id":"https:\/\/www.familie-schuchardt.de\/blog\/#website"},"primaryImageOfPage":{"@id":"https:\/\/www.familie-schuchardt.de\/blog\/2018\/09\/06\/zum-kaffee-nach-laukvik\/#primaryimage"},"image":{"@id":"https:\/\/www.familie-schuchardt.de\/blog\/2018\/09\/06\/zum-kaffee-nach-laukvik\/#primaryimage"},"thumbnailUrl":"https:\/\/i0.wp.com\/www.familie-schuchardt.de\/blog\/wp-content\/uploads\/2018\/09\/Laukvika.jpg?fit=1024%2C768&ssl=1","datePublished":"2018-09-06T16:17:49+00:00","author":{"@id":"https:\/\/www.familie-schuchardt.de\/blog\/#\/schema\/person\/ddbe98d14dff5843edfeb762037c601a"},"breadcrumb":{"@id":"https:\/\/www.familie-schuchardt.de\/blog\/2018\/09\/06\/zum-kaffee-nach-laukvik\/#breadcrumb"},"inLanguage":"de","potentialAction":[{"@type":"ReadAction","target":["https:\/\/www.familie-schuchardt.de\/blog\/2018\/09\/06\/zum-kaffee-nach-laukvik\/"]}]},{"@type":"ImageObject","inLanguage":"de","@id":"https:\/\/www.familie-schuchardt.de\/blog\/2018\/09\/06\/zum-kaffee-nach-laukvik\/#primaryimage","url":"https:\/\/i0.wp.com\/www.familie-schuchardt.de\/blog\/wp-content\/uploads\/2018\/09\/Laukvika.jpg?fit=1024%2C768&ssl=1","contentUrl":"https:\/\/i0.wp.com\/www.familie-schuchardt.de\/blog\/wp-content\/uploads\/2018\/09\/Laukvika.jpg?fit=1024%2C768&ssl=1","width":1024,"height":768,"caption":"Laukvik in voller Breite"},{"@type":"BreadcrumbList","@id":"https:\/\/www.familie-schuchardt.de\/blog\/2018\/09\/06\/zum-kaffee-nach-laukvik\/#breadcrumb","itemListElement":[{"@type":"ListItem","position":1,"name":"Startseite","item":"https:\/\/www.familie-schuchardt.de\/blog\/"},{"@type":"ListItem","position":2,"name":"Zum Kaffee nach Laukvik"}]},{"@type":"WebSite","@id":"https:\/\/www.familie-schuchardt.de\/blog\/#website","url":"https:\/\/www.familie-schuchardt.de\/blog\/","name":"M\u00e4hlina auf Reisen!","description":"Reiseberichte, Bilder und Erlebnisse des reiselustigen Schafs, M\u00e4hlina.","potentialAction":[{"@type":"SearchAction","target":{"@type":"EntryPoint","urlTemplate":"https:\/\/www.familie-schuchardt.de\/blog\/?s={search_term_string}"},"query-input":{"@type":"PropertyValueSpecification","valueRequired":true,"valueName":"search_term_string"}}],"inLanguage":"de"},{"@type":"Person","@id":"https:\/\/www.familie-schuchardt.de\/blog\/#\/schema\/person\/ddbe98d14dff5843edfeb762037c601a","name":"M\u00e4hlina","image":{"@type":"ImageObject","inLanguage":"de","@id":"https:\/\/www.familie-schuchardt.de\/blog\/#\/schema\/person\/image\/","url":"https:\/\/secure.gravatar.com\/avatar\/9fdcea3a0d7328bded0009e11ce070cbfea7135c72468cc7b3c992221c7e18a6?s=96&d=mm&r=g","contentUrl":"https:\/\/secure.gravatar.com\/avatar\/9fdcea3a0d7328bded0009e11ce070cbfea7135c72468cc7b3c992221c7e18a6?s=96&d=mm&r=g","caption":"M\u00e4hlina"},"sameAs":["http:\/\/www.Familie-Schuchardt.de"],"url":"https:\/\/www.familie-schuchardt.de\/blog\/author\/maehlina\/"}]}},"jetpack_featured_media_url":"https:\/\/i0.wp.com\/www.familie-schuchardt.de\/blog\/wp-content\/uploads\/2018\/09\/Laukvika.jpg?fit=1024%2C768&ssl=1","jetpack_sharing_enabled":true,"jetpack_shortlink":"https:\/\/wp.me\/p6s6FG-ot","_links":{"self":[{"href":"https:\/\/www.familie-schuchardt.de\/blog\/wp-json\/wp\/v2\/posts\/1517","targetHints":{"allow":["GET"]}}],"collection":[{"href":"https:\/\/www.familie-schuchardt.de\/blog\/wp-json\/wp\/v2\/posts"}],"about":[{"href":"https:\/\/www.familie-schuchardt.de\/blog\/wp-json\/wp\/v2\/types\/post"}],"author":[{"embeddable":true,"href":"https:\/\/www.familie-schuchardt.de\/blog\/wp-json\/wp\/v2\/users\/4"}],"replies":[{"embeddable":true,"href":"https:\/\/www.familie-schuchardt.de\/blog\/wp-json\/wp\/v2\/comments?post=1517"}],"version-history":[{"count":2,"href":"https:\/\/www.familie-schuchardt.de\/blog\/wp-json\/wp\/v2\/posts\/1517\/revisions"}],"predecessor-version":[{"id":1519,"href":"https:\/\/www.familie-schuchardt.de\/blog\/wp-json\/wp\/v2\/posts\/1517\/revisions\/1519"}],"wp:featuredmedia":[{"embeddable":true,"href":"https:\/\/www.familie-schuchardt.de\/blog\/wp-json\/wp\/v2\/media\/1521"}],"wp:attachment":[{"href":"https:\/\/www.familie-schuchardt.de\/blog\/wp-json\/wp\/v2\/media?parent=1517"}],"wp:term":[{"taxonomy":"category","embeddable":true,"href":"https:\/\/www.familie-schuchardt.de\/blog\/wp-json\/wp\/v2\/categories?post=1517"},{"taxonomy":"post_tag","embeddable":true,"href":"https:\/\/www.familie-schuchardt.de\/blog\/wp-json\/wp\/v2\/tags?post=1517"}],"curies":[{"name":"wp","href":"https:\/\/api.w.org\/{rel}","templated":true}]}}